{"id":103,"date":"2020-07-31T08:12:00","date_gmt":"2020-07-31T08:12:00","guid":{"rendered":"https:\/\/demo.mekshq.com\/johannes\/dc\/?p=103"},"modified":"2022-04-02T15:20:23","modified_gmt":"2022-04-02T15:20:23","slug":"turn-your-commute-into-a-learning-experience","status":"publish","type":"post","link":"http:\/\/martin.buergener.de\/startseite\/radtouren\/turn-your-commute-into-a-learning-experience\/","title":{"rendered":"Vom Ruhrgebiet ins Sauerland &#8211; Der Ruhrtalradweg und die Lenneroute"},"content":{"rendered":"\n<p>Juli 2020, Corona vermieste zwar unsere geplante Tour zum IJsselmeer, die Lockerungen im Juni liessen es jedoch zu kurzfristig eine andere, wundersch\u00f6ne Tour zu planen. <br><br>Die GPX-Files zu dieser 4-5 Tage-Tour findet Ihr hier:<br><a rel=\"noreferrer noopener\" href=\"https:\/\/www.dropbox.com\/s\/q0w5u08wvz9b533\/2020-07-09_216163002_Ruhrtalradweg%20mit%20RaR%2007_2020%20Etappe%201.gpx?dl=0\" target=\"_blank\">Etappe 1: Vom Kemnader Stausee nach Arnsberg<\/a><br><a rel=\"noreferrer noopener\" href=\"https:\/\/www.dropbox.com\/s\/zq9tsbi904spjrq\/2020-07-10_216676254_Ruhrtalradweg%20mit%20RaR%2007_2020%20Etappe%202.gpx?dl=0\" target=\"_blank\">Etappe 2: Von Arnsberg nach Winterberg<\/a><br><a rel=\"noreferrer noopener\" href=\"https:\/\/www.dropbox.com\/s\/zviapfixmww5ysl\/2020-07-11_217673666_Lenneroute%20mit%20RaR%2007_2020%20Etappe%201%20bis%20Hotel%20Platte.gpx?dl=0\" target=\"_blank\">Etappe 3: Von Winterberg nach Attendorn-Niederhelden zum Hotel Platte ins Repetal<\/a><br><a rel=\"noreferrer noopener\" href=\"https:\/\/www.dropbox.com\/s\/otbfokxnz0hb3co\/2020-07-12_217902799_Lenneroute%20mit%20RaR%2007_2020%20Etappe%202%20bis%20Werdohl.gpx?dl=0\" target=\"_blank\">Etappe 4: Von Niederhelden nach Werdohl<\/a><br><br><a href=\"https:\/\/www.komoot.de\/collection\/1465384\/-ruhrtal-radweg-und-lenneroute?ref=undefined\" target=\"_blank\" rel=\"noreferrer noopener\">Oder der Link zu meiner Komoot-Collection<\/a><br><br>Am Mittwoch, dem 8. Juli 2020 sollte es von Velbert losgehen. Mit Blitz, Donner und Dauerregen hinderte uns Petrus leider daran und so starteten wir am 9. Juli vom Kemnader See, fuhren eine etwas l\u00e4ngere erste Etappe und konnten am sp\u00e4ten Nachmittag wie geplant in unserem Hotel in Arnsberg einchecken.<\/p>\n\n\n\n<figure class=\"wp-block-image size-large\"><img loading=\"lazy\" width=\"1024\" height=\"642\" src=\"http:\/\/martin.buergener.de\/wp-content\/uploads\/2022\/04\/Bildschirmfoto-2022-04-02-um-12.51.40-1024x642.png\" alt=\"\" class=\"wp-image-2398\" srcset=\"http:\/\/martin.buergener.de\/wp-content\/uploads\/2022\/04\/Bildschirmfoto-2022-04-02-um-12.51.40-980x615.png 980w, http:\/\/martin.buergener.de\/wp-content\/uploads\/2022\/04\/Bildschirmfoto-2022-04-02-um-12.51.40-480x301.png 480w\" sizes=\"(min-width: 0px) and (max-width: 480px) 480px, (min-width: 481px) and (max-width: 980px) 980px, (min-width: 981px) 1024px, 100vw\" \/><\/figure>\n\n\n\n<p>Nach rund 5 Kilometer schon das erste Highlight: Die Fahrradf\u00e4hre bei Witten. Ehrenamtliche schipperten uns in kurzer Zeit auf das andere Ufer des recht breiten Flusses, der im Laufe der kommenden 2 Tage immer schmaler wurde.<\/p>\n\n\n\n<figure class=\"wp-block-image size-large is-style-default\"><img loading=\"lazy\" width=\"1024\" height=\"768\" src=\"http:\/\/martin.buergener.de\/wp-content\/uploads\/2022\/04\/IMG_4583-1024x768.jpeg\" alt=\"\" class=\"wp-image-2400\" srcset=\"http:\/\/martin.buergener.de\/wp-content\/uploads\/2022\/04\/IMG_4583-1024x768.jpeg 1024w, http:\/\/martin.buergener.de\/wp-content\/uploads\/2022\/04\/IMG_4583-980x735.jpeg 980w, http:\/\/martin.buergener.de\/wp-content\/uploads\/2022\/04\/IMG_4583-480x360.jpeg 480w\" sizes=\"(min-width: 0px) and (max-width: 480px) 480px, (min-width: 481px) and (max-width: 980px) 980px, (min-width: 981px) 1024px, 100vw\" \/><\/figure>\n\n\n\n<p>Vorbei am LWL Industriemuseum Zeche Nachtigall f\u00fchrte uns der erstklassig angelegte Radweg durch Wetter und Herdecke entlang des Harkort- und Hengsteysees.<\/p>\n\n\n\n<figure class=\"wp-block-image size-large\"><img loading=\"lazy\" width=\"1024\" height=\"768\" src=\"http:\/\/martin.buergener.de\/wp-content\/uploads\/2022\/04\/IMG_3974-1024x768.jpeg\" alt=\"\" class=\"wp-image-2405\" srcset=\"http:\/\/martin.buergener.de\/wp-content\/uploads\/2022\/04\/IMG_3974-1024x768.jpeg 1024w, http:\/\/martin.buergener.de\/wp-content\/uploads\/2022\/04\/IMG_3974-980x735.jpeg 980w, http:\/\/martin.buergener.de\/wp-content\/uploads\/2022\/04\/IMG_3974-480x360.jpeg 480w\" sizes=\"(min-width: 0px) and (max-width: 480px) 480px, (min-width: 481px) and (max-width: 980px) 980px, (min-width: 981px) 1024px, 100vw\" \/><\/figure>\n\n\n\n<p>Kurze Trinkpause an der Lennem\u00fcndung<\/p>\n\n\n\n<figure class=\"wp-block-image size-large\"><img loading=\"lazy\" width=\"1024\" height=\"768\" src=\"http:\/\/martin.buergener.de\/wp-content\/uploads\/2022\/04\/IMG_3993-1024x768.jpeg\" alt=\"\" class=\"wp-image-2404\" srcset=\"http:\/\/martin.buergener.de\/wp-content\/uploads\/2022\/04\/IMG_3993-1024x768.jpeg 1024w, http:\/\/martin.buergener.de\/wp-content\/uploads\/2022\/04\/IMG_3993-980x735.jpeg 980w, http:\/\/martin.buergener.de\/wp-content\/uploads\/2022\/04\/IMG_3993-480x360.jpeg 480w\" sizes=\"(min-width: 0px) and (max-width: 480px) 480px, (min-width: 481px) and (max-width: 980px) 980px, (min-width: 981px) 1024px, 100vw\" \/><\/figure>\n\n\n\n<p>Mittagspause in Fr\u00f6ndenberg\/Ruhr mit gemeinsamen Schnitzelessen. Der Stadtkern mit sch\u00f6nem Markplatz ist nur wenige Kilometer vom Ruhrtalradweg entfernt.<\/p>\n\n\n\n<div class=\"wp-block-columns\">\n<div class=\"wp-block-column\" style=\"flex-basis:100%\">\n<figure class=\"wp-block-image size-large is-resized\"><img loading=\"lazy\" src=\"http:\/\/martin.buergener.de\/wp-content\/uploads\/2022\/04\/IMG_3982-1024x768.jpeg\" alt=\"\" class=\"wp-image-2406\" width=\"820\" height=\"614\"\/><\/figure>\n<\/div>\n<\/div>\n\n\n\n<figure class=\"wp-block-image size-large is-resized\"><img loading=\"lazy\" src=\"http:\/\/martin.buergener.de\/wp-content\/uploads\/2022\/04\/IMG_3980-1024x768.jpeg\" alt=\"\" class=\"wp-image-2407\" width=\"821\" height=\"613\"\/><\/figure>\n\n\n\n<p>Mit vollem Bauch gehts wieder zur\u00fcck zum Ruhrtalradweg in Richtung Arnsberg. Das Hotel &#8222;Gasthof 1820&#8220; kann uneingeschr\u00e4nkt empfehlen. Tolle Zimmer und ein uriges Restaurant mit Brauhaus-Charakter.<\/p>\n\n\n\n<figure class=\"wp-block-image size-large\"><img loading=\"lazy\" width=\"1024\" height=\"853\" src=\"http:\/\/martin.buergener.de\/wp-content\/uploads\/2022\/04\/IMG_4012-1024x853.jpeg\" alt=\"\" class=\"wp-image-2410\" srcset=\"http:\/\/martin.buergener.de\/wp-content\/uploads\/2022\/04\/IMG_4012-1024x853.jpeg 1024w, http:\/\/martin.buergener.de\/wp-content\/uploads\/2022\/04\/IMG_4012-980x816.jpeg 980w, http:\/\/martin.buergener.de\/wp-content\/uploads\/2022\/04\/IMG_4012-480x400.jpeg 480w\" sizes=\"(min-width: 0px) and (max-width: 480px) 480px, (min-width: 481px) and (max-width: 980px) 980px, (min-width: 981px) 1024px, 100vw\" \/><\/figure>\n\n\n\n<p>Nachdem unser Begleitfahrzeug das Gep\u00e4ck eingesammelt hatte ging es los auf die 2. Etappe von Arnsberg nach Winterberg. In Meschede lohnt ein kleiner Stop mit Kaffeepause. Allerdings verlie\u00df und direkt danach unser Wettergl\u00fcck.<\/p>\n\n\n\n<figure class=\"wp-block-image size-large\"><img loading=\"lazy\" width=\"1024\" height=\"643\" src=\"http:\/\/martin.buergener.de\/wp-content\/uploads\/2022\/04\/Bildschirmfoto-2022-04-02-um-12.52.46-1024x643.png\" alt=\"\" class=\"wp-image-2411\" srcset=\"http:\/\/martin.buergener.de\/wp-content\/uploads\/2022\/04\/Bildschirmfoto-2022-04-02-um-12.52.46-980x615.png 980w, http:\/\/martin.buergener.de\/wp-content\/uploads\/2022\/04\/Bildschirmfoto-2022-04-02-um-12.52.46-480x301.png 480w\" sizes=\"(min-width: 0px) and (max-width: 480px) 480px, (min-width: 481px) and (max-width: 980px) 980px, (min-width: 981px) 1024px, 100vw\" \/><\/figure>\n\n\n\n<p>Ein gro\u00dfes Dankesch\u00f6n an die Inhaber des Restaurant Da Filippo in Olsberg, wo wir pitschna\u00df zur Mittagspause aufschlugen. Die italienischen Wirtsleute nahmen kurzerhand unsere Radklamotten und trockneten sie in ihrem Trockner. Gl\u00fcck, wer noch trockene Sachen dabei hatte ansonsten sa\u00df man halt in Unterw\u00e4sche beim Edelitaliener \ud83d\ude42<br>Nach Olsberg wird es richtig bergig. Jetzt kommen die H\u00f6henmeter auf tollen Radwegen durch Wiesen, W\u00e4lder und kleine D\u00f6rfer.<\/p>\n\n\n\n<figure class=\"wp-block-image size-large\"><img loading=\"lazy\" width=\"1024\" height=\"768\" src=\"http:\/\/martin.buergener.de\/wp-content\/uploads\/2022\/04\/IMG_2006-1024x768.jpeg\" alt=\"\" class=\"wp-image-2413\" srcset=\"http:\/\/martin.buergener.de\/wp-content\/uploads\/2022\/04\/IMG_2006-1024x768.jpeg 1024w, http:\/\/martin.buergener.de\/wp-content\/uploads\/2022\/04\/IMG_2006-980x735.jpeg 980w, http:\/\/martin.buergener.de\/wp-content\/uploads\/2022\/04\/IMG_2006-480x360.jpeg 480w\" sizes=\"(min-width: 0px) and (max-width: 480px) 480px, (min-width: 481px) and (max-width: 980px) 980px, (min-width: 981px) 1024px, 100vw\" \/><\/figure>\n\n\n\n<p>Ziel erreicht. Die Ruhrquelle kurz vor Winterberg. Ein kleiner Rinnsal, der als gro\u00dfer Fluss in Duisburg in den Rhein m\u00fcndet.<\/p>\n\n\n\n<figure class=\"wp-block-image size-large\"><img loading=\"lazy\" width=\"1024\" height=\"768\" src=\"http:\/\/martin.buergener.de\/wp-content\/uploads\/2022\/04\/IMG_4032-1024x768.jpeg\" alt=\"\" class=\"wp-image-2412\" srcset=\"http:\/\/martin.buergener.de\/wp-content\/uploads\/2022\/04\/IMG_4032-1024x768.jpeg 1024w, http:\/\/martin.buergener.de\/wp-content\/uploads\/2022\/04\/IMG_4032-980x735.jpeg 980w, http:\/\/martin.buergener.de\/wp-content\/uploads\/2022\/04\/IMG_4032-480x360.jpeg 480w\" sizes=\"(min-width: 0px) and (max-width: 480px) 480px, (min-width: 481px) and (max-width: 980px) 980px, (min-width: 981px) 1024px, 100vw\" \/><figcaption>Unser Hotel in Winterberg: Das Oversum. Stylisch gestaltet mit sauerl\u00e4ndisch-holl\u00e4ndischem Flair.<\/figcaption><\/figure>\n\n\n\n<p>Auch f\u00fcr den zweiten Abend habe ich mich f\u00fcr ein uriges Abendessen entschieden. Daf\u00fcr kann ich die Dorfalm in Winterberg nur empfehlen, wenngleich zu unserer Zeit aufgrund von Corona leider nur sehr wenig los war.<\/p>\n\n\n\n<figure class=\"wp-block-image size-large\"><img loading=\"lazy\" width=\"768\" height=\"1024\" src=\"http:\/\/martin.buergener.de\/wp-content\/uploads\/2022\/04\/IMG_2018-768x1024.jpeg\" alt=\"\" class=\"wp-image-2414\" srcset=\"http:\/\/martin.buergener.de\/wp-content\/uploads\/2022\/04\/IMG_2018-768x1024.jpeg 768w, http:\/\/martin.buergener.de\/wp-content\/uploads\/2022\/04\/IMG_2018-480x640.jpeg 480w\" sizes=\"(min-width: 0px) and (max-width: 480px) 480px, (min-width: 481px) 768px, 100vw\" \/><\/figure>\n\n\n\n<figure class=\"wp-block-image size-large\"><img loading=\"lazy\" width=\"1024\" height=\"768\" src=\"http:\/\/martin.buergener.de\/wp-content\/uploads\/2022\/04\/IMG_5374-1024x768.jpeg\" alt=\"\" class=\"wp-image-2415\" srcset=\"http:\/\/martin.buergener.de\/wp-content\/uploads\/2022\/04\/IMG_5374-1024x768.jpeg 1024w, http:\/\/martin.buergener.de\/wp-content\/uploads\/2022\/04\/IMG_5374-980x735.jpeg 980w, http:\/\/martin.buergener.de\/wp-content\/uploads\/2022\/04\/IMG_5374-480x360.jpeg 480w\" sizes=\"(min-width: 0px) and (max-width: 480px) 480px, (min-width: 481px) and (max-width: 980px) 980px, (min-width: 981px) 1024px, 100vw\" \/><\/figure>\n\n\n\n<p>Der n\u00e4chste Morgen startete mit einer grandiosen Aussicht aus meinem Hotelzimmer. Nach einem reichhaltigen Fr\u00fchst\u00fcck ging es weiter in Richtung Lenneroute. Ein kleiner Abstecher zur Bobbahn durfte da nat\u00fcrlich nicht fehlen.<\/p>\n\n\n\n<figure class=\"wp-block-image size-large\"><img loading=\"lazy\" width=\"1024\" height=\"768\" src=\"http:\/\/martin.buergener.de\/wp-content\/uploads\/2022\/04\/IMG_4038-1024x768.jpeg\" alt=\"\" class=\"wp-image-2416\" srcset=\"http:\/\/martin.buergener.de\/wp-content\/uploads\/2022\/04\/IMG_4038-1024x768.jpeg 1024w, http:\/\/martin.buergener.de\/wp-content\/uploads\/2022\/04\/IMG_4038-980x735.jpeg 980w, http:\/\/martin.buergener.de\/wp-content\/uploads\/2022\/04\/IMG_4038-480x360.jpeg 480w\" sizes=\"(min-width: 0px) and (max-width: 480px) 480px, (min-width: 481px) and (max-width: 980px) 980px, (min-width: 981px) 1024px, 100vw\" \/><\/figure>\n\n\n\n<p>Direkt gegen\u00fcber der Bobbahn beginnt die Lenneroute, die uns wirklich richtig begeisterte. Die h\u00fcgelige Landschaft, der Radweg entlang der Lenne und tolle Wege durch jede Menge &#8222;Goldd\u00f6rfer&#8220; sind ein wahres Erlebnis. Am dritten Tag hatten wir auch endlich Gl\u00fcck mit dem Wetter.<\/p>\n\n\n\n<figure class=\"wp-block-image size-large\"><img loading=\"lazy\" width=\"1024\" height=\"642\" src=\"http:\/\/martin.buergener.de\/wp-content\/uploads\/2022\/04\/Bildschirmfoto-2022-04-02-um-12.50.32-1024x642.png\" alt=\"\" class=\"wp-image-2417\" srcset=\"http:\/\/martin.buergener.de\/wp-content\/uploads\/2022\/04\/Bildschirmfoto-2022-04-02-um-12.50.32-980x614.png 980w, http:\/\/martin.buergener.de\/wp-content\/uploads\/2022\/04\/Bildschirmfoto-2022-04-02-um-12.50.32-480x301.png 480w\" sizes=\"(min-width: 0px) and (max-width: 480px) 480px, (min-width: 481px) and (max-width: 980px) 980px, (min-width: 981px) 1024px, 100vw\" \/><\/figure>\n\n\n\n<p>Der Weg f\u00fchrt vorbei an der bekannten Stadt Schmallenberg, die in jedem Fall eine Pause Wert ist.<\/p>\n\n\n\n<figure class=\"wp-block-image size-large\"><img loading=\"lazy\" width=\"1024\" height=\"768\" src=\"http:\/\/martin.buergener.de\/wp-content\/uploads\/2022\/04\/IMG_4045-1024x768.jpeg\" alt=\"\" class=\"wp-image-2426\" srcset=\"http:\/\/martin.buergener.de\/wp-content\/uploads\/2022\/04\/IMG_4045-1024x768.jpeg 1024w, http:\/\/martin.buergener.de\/wp-content\/uploads\/2022\/04\/IMG_4045-980x735.jpeg 980w, http:\/\/martin.buergener.de\/wp-content\/uploads\/2022\/04\/IMG_4045-480x360.jpeg 480w\" sizes=\"(min-width: 0px) and (max-width: 480px) 480px, (min-width: 481px) and (max-width: 980px) 980px, (min-width: 981px) 1024px, 100vw\" \/><\/figure>\n\n\n\n<figure class=\"wp-block-image size-large\"><img loading=\"lazy\" width=\"1024\" height=\"768\" src=\"http:\/\/martin.buergener.de\/wp-content\/uploads\/2022\/04\/IMG_4141-1024x768.jpeg\" alt=\"\" class=\"wp-image-2427\" srcset=\"http:\/\/martin.buergener.de\/wp-content\/uploads\/2022\/04\/IMG_4141-1024x768.jpeg 1024w, http:\/\/martin.buergener.de\/wp-content\/uploads\/2022\/04\/IMG_4141-980x735.jpeg 980w, http:\/\/martin.buergener.de\/wp-content\/uploads\/2022\/04\/IMG_4141-480x360.jpeg 480w\" sizes=\"(min-width: 0px) and (max-width: 480px) 480px, (min-width: 481px) and (max-width: 980px) 980px, (min-width: 981px) 1024px, 100vw\" \/><\/figure>\n\n\n\n<p>Das Romantik Hotel Platte ist unser absoluter Favorit. Daher war die n\u00e4chste \u00dcbernachtung dort in jedem Fall gesetzt. Im Jahr 2021 war das Hotel Platte Basis f\u00fcr unsere 2021er Tour mit Sternfahrten ab Niederhelden. Sie sp\u00e4teren Blogbeitrag.<\/p>\n\n\n\n<figure class=\"wp-block-image size-large\"><img loading=\"lazy\" width=\"1024\" height=\"642\" src=\"http:\/\/martin.buergener.de\/wp-content\/uploads\/2022\/04\/Bildschirmfoto-2022-04-02-um-12.49.46-1024x642.png\" alt=\"\" class=\"wp-image-2435\" srcset=\"http:\/\/martin.buergener.de\/wp-content\/uploads\/2022\/04\/Bildschirmfoto-2022-04-02-um-12.49.46-980x615.png 980w, http:\/\/martin.buergener.de\/wp-content\/uploads\/2022\/04\/Bildschirmfoto-2022-04-02-um-12.49.46-480x301.png 480w\" sizes=\"(min-width: 0px) and (max-width: 480px) 480px, (min-width: 481px) and (max-width: 980px) 980px, (min-width: 981px) 1024px, 100vw\" \/><\/figure>\n\n\n\n<figure class=\"wp-block-image size-large\"><img loading=\"lazy\" width=\"1024\" height=\"768\" src=\"http:\/\/martin.buergener.de\/wp-content\/uploads\/2022\/04\/IMG_4149-1024x768.jpeg\" alt=\"\" class=\"wp-image-2428\" srcset=\"http:\/\/martin.buergener.de\/wp-content\/uploads\/2022\/04\/IMG_4149-1024x768.jpeg 1024w, http:\/\/martin.buergener.de\/wp-content\/uploads\/2022\/04\/IMG_4149-980x735.jpeg 980w, http:\/\/martin.buergener.de\/wp-content\/uploads\/2022\/04\/IMG_4149-480x360.jpeg 480w\" sizes=\"(min-width: 0px) and (max-width: 480px) 480px, (min-width: 481px) and (max-width: 980px) 980px, (min-width: 981px) 1024px, 100vw\" \/><\/figure>\n\n\n\n<p>Auch die Kenne entwickelt sich schon nach wenigen Kilometern zu einem gr\u00f6\u00dferen Strom.<\/p>\n\n\n\n<figure class=\"wp-block-image size-large\"><img loading=\"lazy\" width=\"1024\" height=\"768\" src=\"http:\/\/martin.buergener.de\/wp-content\/uploads\/2022\/04\/IMG_4152-1024x768.jpeg\" alt=\"\" class=\"wp-image-2429\" srcset=\"http:\/\/martin.buergener.de\/wp-content\/uploads\/2022\/04\/IMG_4152-1024x768.jpeg 1024w, http:\/\/martin.buergener.de\/wp-content\/uploads\/2022\/04\/IMG_4152-980x735.jpeg 980w, http:\/\/martin.buergener.de\/wp-content\/uploads\/2022\/04\/IMG_4152-480x360.jpeg 480w\" sizes=\"(min-width: 0px) and (max-width: 480px) 480px, (min-width: 481px) and (max-width: 980px) 980px, (min-width: 981px) 1024px, 100vw\" \/><\/figure>\n\n\n\n<p>Da die Radwege von Werdohl bis Hagen nicht mehr ganz so sch\u00f6n sind, beendeten Wir unsere Tour in Werdohl, wo unser Begleitfahrzeug und ein Kleinbus auf uns warteten, die uns zur\u00fcck zum Kemnader See fuhren.<br>Ein Tipp: Von Werdohl f\u00e4hrt auch die S-Bahn zur\u00fcck nach Witten. In knapp 50 Minuten w\u00e4re man so wieder an seinem Ausgangspunkt angelangt.<\/p>\n","protected":false},"excerpt":{"rendered":"<p>Juli 2020, Corona vermieste zwar unsere geplante Tour zum IJsselmeer, die Lockerungen im Juni liessen es jedoch zu kurzfristig eine andere, wundersch\u00f6ne Tour zu planen. Die GPX-Files zu dieser 4-5 Tage-Tour findet Ihr hier:Etappe 1: Vom Kemnader Stausee nach ArnsbergEtappe 2: Von Arnsberg nach WinterbergEtappe 3: Von Winterberg nach Attendorn-Niederhelden zum Hotel Platte ins RepetalEtappe [&hellip;]<\/p>\n","protected":false},"author":1,"featured_media":1250,"comment_status":"open","ping_status":"open","sticky":false,"template":"","format":"standard","meta":{"_et_pb_use_builder":"","_et_pb_old_content":"","_et_gb_content_width":""},"categories":[94],"tags":[16,53,68],"_links":{"self":[{"href":"http:\/\/martin.buergener.de\/startseite\/wp-json\/wp\/v2\/posts\/103"}],"collection":[{"href":"http:\/\/martin.buergener.de\/startseite\/wp-json\/wp\/v2\/posts"}],"about":[{"href":"http:\/\/martin.buergener.de\/startseite\/wp-json\/wp\/v2\/types\/post"}],"author":[{"embeddable":true,"href":"http:\/\/martin.buergener.de\/startseite\/wp-json\/wp\/v2\/users\/1"}],"replies":[{"embeddable":true,"href":"http:\/\/martin.buergener.de\/startseite\/wp-json\/wp\/v2\/comments?post=103"}],"version-history":[{"count":13,"href":"http:\/\/martin.buergener.de\/startseite\/wp-json\/wp\/v2\/posts\/103\/revisions"}],"predecessor-version":[{"id":2437,"href":"http:\/\/martin.buergener.de\/startseite\/wp-json\/wp\/v2\/posts\/103\/revisions\/2437"}],"wp:featuredmedia":[{"embeddable":true,"href":"http:\/\/martin.buergener.de\/startseite\/wp-json\/wp\/v2\/media\/1250"}],"wp:attachment":[{"href":"http:\/\/martin.buergener.de\/startseite\/wp-json\/wp\/v2\/media?parent=103"}],"wp:term":[{"taxonomy":"category","embeddable":true,"href":"http:\/\/martin.buergener.de\/startseite\/wp-json\/wp\/v2\/categories?post=103"},{"taxonomy":"post_tag","embeddable":true,"href":"http:\/\/martin.buergener.de\/startseite\/wp-json\/wp\/v2\/tags?post=103"}],"curies":[{"name":"wp","href":"https:\/\/api.w.org\/{rel}","templated":true}]}}